{"id":4278,"date":"2025-08-29T12:49:58","date_gmt":"2025-08-29T10:49:58","guid":{"rendered":"https:\/\/osdobje.splet.arnes.si\/?p=4278"},"modified":"2025-08-29T12:49:58","modified_gmt":"2025-08-29T10:49:58","slug":"1-solski-dan-2","status":"publish","type":"post","link":"https:\/\/www.osdobje.si\/?p=4278","title":{"rendered":"1. \u0161olski dan"},"content":{"rendered":"\n<p>Spo\u0161tovani star\u0161i, dragi u\u010denci,<\/p>\n\n\n\n<p>po\u010ditnice so prehitro minile, v \u0161olskih prostorih pa vas vsi zaposleni \u017ee nestrpno pri\u010dakujemo.<\/p>\n\n\n\n<p>V ponedeljek, 1. 9. 2025, pri\u010dnemo s prvim \u0161olskim dnem v novem \u0161olskem letu.<\/p>\n\n\n\n<p>Na prvi \u0161olski dan se zberemo ob 7.30 na igri\u0161\u010du, kjer vas bodo pri\u010dakali ravnateljica in va\u0161i u\u010ditelji. Po uvodnem pozdravu boste imeli do malice razredno uro z razredni\u010darko ali razrednikom. Po malici bo potekal pouk po urniku.&nbsp;Kosilo je organizirano za vse u\u010dence.<\/p>\n\n\n\n<p>Zajtrka v ponedeljek ni.<\/p>\n\n\n\n<p>Prvo\u0161ol\u010dki pridete pred glavni vhod \u0161ole s star\u0161i ob 10. uri. Razredni\u010darka Magda komaj \u010daka, da vas vidi, Lili in Bine pa vam pripravljata kup prijetnih presene\u010denj.<\/p>\n\n\n\n<p>Z razvozi bomo pri\u010deli ob 12.20. Vozni red je objavljen&nbsp;<a href=\"https:\/\/www.osdobje.si\/?page_id=130\">tukaj<\/a>.<\/p>\n\n\n\n<p>Vsi u\u010denci vstopate v \u0161olo skozi glavni vhod. Star\u0161i u\u010dencev razredne stopnje svoje otroke pospremite do glavnega vhoda, kjer jih ob koncu pouka tudi prevzamete, v kolikor ne gredo na \u0161olski razvoz.<\/p>\n\n\n\n<p>Na spodnji povezavi pa se nahaja video poslanica ministra dr. Vinka Logaja pred za\u010detkom \u0161olskega leta 2025\/2026:<\/p>\n\n\n\n<figure class=\"wp-block-embed is-type-video is-provider-youtube wp-block-embed-youtube wp-embed-aspect-16-9 wp-has-aspect-ratio\"><div class=\"wp-block-embed__wrapper\">\n<iframe loading=\"lazy\" title=\"Poslanica ministra dr. Vinka Logaja pred za\u010detkom \u0161olskega leta 2025\/2026\" width=\"584\" height=\"329\" src=\"https:\/\/www.youtube.com\/embed\/cnrqGHzPRYI?feature=oembed\" frameborder=\"0\" allow=\"accelerometer; autoplay; clipboard-write; encrypted-media; gyroscope; picture-in-picture; web-share\" referrerpolicy=\"strict-origin-when-cross-origin\" allowfullscreen><\/iframe>\n<\/div><\/figure>\n\n\n\n<p>Veselimo se sre\u010danja z vami!<\/p>\n\n\n\n<p>Ravnateljica Suzana Plemenita\u0161 in kolektiv O\u0160 Dobje<\/p>\n\n\n\n<p><\/p>\n\n\n\n<p><\/p>\n","protected":false},"excerpt":{"rendered":"<p>Spo\u0161tovani star\u0161i, dragi u\u010denci, po\u010ditnice so prehitro minile, v \u0161olskih prostorih pa vas vsi zaposleni \u017ee nestrpno pri\u010dakujemo. V ponedeljek, 1. 9. 2025, pri\u010dnemo s prvim \u0161olskim dnem v novem \u0161olskem letu. Na prvi \u0161olski dan se zberemo ob 7.30 &hellip; <a href=\"https:\/\/www.osdobje.si\/?p=4278\">Beri naprej <span class=\"meta-nav\">&rarr;<\/span><\/a><\/p>\n","protected":false},"author":89974,"featured_media":0,"comment_status":"open","ping_status":"open","sticky":false,"template":"","format":"standard","meta":{"ngg_post_thumbnail":0,"footnotes":""},"categories":[4],"tags":[],"class_list":["post-4278","post","type-post","status-publish","format-standard","hentry","category-novice"],"_links":{"self":[{"href":"https:\/\/www.osdobje.si\/index.php?rest_route=\/wp\/v2\/posts\/4278","targetHints":{"allow":["GET"]}}],"collection":[{"href":"https:\/\/www.osdobje.si\/index.php?rest_route=\/wp\/v2\/posts"}],"about":[{"href":"https:\/\/www.osdobje.si\/index.php?rest_route=\/wp\/v2\/types\/post"}],"author":[{"embeddable":true,"href":"https:\/\/www.osdobje.si\/index.php?rest_route=\/wp\/v2\/users\/89974"}],"replies":[{"embeddable":true,"href":"https:\/\/www.osdobje.si\/index.php?rest_route=%2Fwp%2Fv2%2Fcomments&post=4278"}],"version-history":[{"count":1,"href":"https:\/\/www.osdobje.si\/index.php?rest_route=\/wp\/v2\/posts\/4278\/revisions"}],"predecessor-version":[{"id":4279,"href":"https:\/\/www.osdobje.si\/index.php?rest_route=\/wp\/v2\/posts\/4278\/revisions\/4279"}],"wp:attachment":[{"href":"https:\/\/www.osdobje.si\/index.php?rest_route=%2Fwp%2Fv2%2Fmedia&parent=4278"}],"wp:term":[{"taxonomy":"category","embeddable":true,"href":"https:\/\/www.osdobje.si\/index.php?rest_route=%2Fwp%2Fv2%2Fcategories&post=4278"},{"taxonomy":"post_tag","embeddable":true,"href":"https:\/\/www.osdobje.si\/index.php?rest_route=%2Fwp%2Fv2%2Ftags&post=4278"}],"curies":[{"name":"wp","href":"https:\/\/api.w.org\/{rel}","templated":true}]}}