{"id":4138,"date":"2025-02-14T11:57:23","date_gmt":"2025-02-14T10:57:23","guid":{"rendered":"https:\/\/osdobje.splet.arnes.si\/?p=4138"},"modified":"2025-02-14T11:57:24","modified_gmt":"2025-02-14T10:57:24","slug":"vpis-novincev-v-vrtec-dobje-pri-planini-3","status":"publish","type":"post","link":"https:\/\/www.osdobje.si\/?p=4138","title":{"rendered":"Vpis novincev v vrtec Dobje pri Planini"},"content":{"rendered":"\n<p class=\"has-text-align-center\">Na podlagi tretjega odstavka 20. \u010dlena Zakona o vrtcih (Uradni list RS, \u0161t.100\/05, 25\/08, 98\/2009-ZIUZGK, 36\/10, 62\/2010-ZUPJS, 94\/2010-ZIU, 40\/2012-ZUJF) ter 3. \u010dlena Pravilnika o postopku in kriterijih za vpis otrok v Enoto vrtec Dobje (Uradni list RS, \u0161t. 82\/2022) objavljamo<\/p>\n\n\n\n<p class=\"has-text-align-center\"><strong>VPIS NOVINCEV V VRTEC DOBJE PRI PLANINI<br>ZA \u0160OLSKO LETO 2025\/26<\/strong><\/p>\n\n\n\n<p class=\"has-text-align-center\">Izvajamo celodnevni program (od 6 do 9 ur) za otroke od<br>dopolnjenega 11. meseca starosti do vstopa v \u0161olo.<\/p>\n\n\n\n<p class=\"has-text-align-center\">Svojega otroka lahko vpi\u0161ete<\/p>\n\n\n\n<p class=\"has-text-align-center\">v <strong>\u010detrtek, 6. marca 2025,<span style=\"text-decoration: underline\"><br>med 9. in 11. uro<\/span><\/strong> ali <strong><span style=\"text-decoration: underline\">med 14. in 15. uro<\/span><\/strong>,<br>v prostorih svetovalne delavke Osnovne \u0161ole Dobje.<\/p>\n\n\n\n<p class=\"has-text-align-center\">V dopoldanskem \u010dasu bo potekal dan odprtih vrat vrtca.<\/p>\n\n\n\n<p class=\"has-text-align-center\"><span style=\"text-decoration: underline\">Vloge sprejemamo po po\u0161ti <strong>do 15. 3. 2025<\/strong><\/span> na naslov<br>Osnovna \u0161ola Dobje, Dobje pri Planini 20a, 3224 Dobje pri Planini<br>ali na elektronski naslov vrt\u010devske in \u0161olske svetovalne delavke: <strong>sabina.pusnik@osdobje.si<\/strong>, <strong>boza.jazbinsek@osdobje.si<\/strong><\/p>\n\n\n\n<div class=\"wp-block-group is-vertical is-layout-flex wp-container-core-group-is-layout-8cf370e7 wp-block-group-is-layout-flex\">\n<p class=\"has-text-align-left\"><strong>Vloga mora vsebovati:<\/strong><\/p>\n\n\n\n<p class=\"has-text-align-left\">\u2022 EM\u0160O otroka in star\u0161ev;<br>\u2022 potrdilo delodajalca o zaposlitvi in delovnem \u010dasu obeh star\u0161ev oz. enega star\u0161a, \u010de gre za enoroditeljsko dru\u017eino, ali potrdilo, da je star\u0161 aktivni iskalec zaposlitve;<br>\u2022 dokazilo o enoroditeljski dru\u017eini, razvidno iz sklepa sodi\u0161\u010da o zaupanju otroka v varstvo, vzgojo in oskrbo;<br>\u2022 listine, ki izkazujejo, da vpisujete otroka s posebnimi potrebami.<\/p>\n<\/div>\n\n\n\n<p><\/p>\n\n\n\n<p class=\"has-text-align-left\">Zakon o spremembah in dopolnitvah Zakona o nalezljivih boleznih (Uradni list RS, \u0161t. 142\/20) v 51.a \u010dlenu dolo\u010da, da mora biti otrok pred vklju\u010ditvijo v vrtec cepljen proti o\u0161picam, mumpsu in rde\u010dkam, razen, \u010de za opustitev cepljenja obstajajo medicinski razlogi, ugotovljeni z odlo\u010dbo o opustitvi cepljenja.<\/p>\n\n\n\n<p class=\"has-text-align-left\">Obrazec vloge dobite v vrtcu ali na tej spletni povezavi: <a href=\"https:\/\/www.osdobje.si\/files\/2025\/02\/Vloga-za-vpis-vrtec-2025-26.pdf\">Obrazec vloge za vpis<\/a>.<\/p>\n\n\n\n<p class=\"has-text-align-left\">Dobje pri Planini, 13. 2. 2025<\/p>\n\n\n\n<p class=\"has-text-align-left\">Ravnateljica:<br>Suzana Plemenita\u0161, prof.<\/p>\n\n\n\n<p><\/p>\n","protected":false},"excerpt":{"rendered":"<p>Na podlagi tretjega odstavka 20. \u010dlena Zakona o vrtcih (Uradni list RS, \u0161t.100\/05, 25\/08, 98\/2009-ZIUZGK, 36\/10, 62\/2010-ZUPJS, 94\/2010-ZIU, 40\/2012-ZUJF) ter 3. \u010dlena Pravilnika o postopku in kriterijih za vpis otrok v Enoto vrtec Dobje (Uradni list RS, \u0161t. 82\/2022) objavljamo &hellip; <a href=\"https:\/\/www.osdobje.si\/?p=4138\">Beri naprej <span class=\"meta-nav\">&rarr;<\/span><\/a><\/p>\n","protected":false},"author":89974,"featured_media":0,"comment_status":"open","ping_status":"open","sticky":false,"template":"","format":"standard","meta":{"ngg_post_thumbnail":0,"footnotes":""},"categories":[4],"tags":[],"class_list":["post-4138","post","type-post","status-publish","format-standard","hentry","category-novice"],"_links":{"self":[{"href":"https:\/\/www.osdobje.si\/index.php?rest_route=\/wp\/v2\/posts\/4138","targetHints":{"allow":["GET"]}}],"collection":[{"href":"https:\/\/www.osdobje.si\/index.php?rest_route=\/wp\/v2\/posts"}],"about":[{"href":"https:\/\/www.osdobje.si\/index.php?rest_route=\/wp\/v2\/types\/post"}],"author":[{"embeddable":true,"href":"https:\/\/www.osdobje.si\/index.php?rest_route=\/wp\/v2\/users\/89974"}],"replies":[{"embeddable":true,"href":"https:\/\/www.osdobje.si\/index.php?rest_route=%2Fwp%2Fv2%2Fcomments&post=4138"}],"version-history":[{"count":3,"href":"https:\/\/www.osdobje.si\/index.php?rest_route=\/wp\/v2\/posts\/4138\/revisions"}],"predecessor-version":[{"id":4141,"href":"https:\/\/www.osdobje.si\/index.php?rest_route=\/wp\/v2\/posts\/4138\/revisions\/4141"}],"wp:attachment":[{"href":"https:\/\/www.osdobje.si\/index.php?rest_route=%2Fwp%2Fv2%2Fmedia&parent=4138"}],"wp:term":[{"taxonomy":"category","embeddable":true,"href":"https:\/\/www.osdobje.si\/index.php?rest_route=%2Fwp%2Fv2%2Fcategories&post=4138"},{"taxonomy":"post_tag","embeddable":true,"href":"https:\/\/www.osdobje.si\/index.php?rest_route=%2Fwp%2Fv2%2Ftags&post=4138"}],"curies":[{"name":"wp","href":"https:\/\/api.w.org\/{rel}","templated":true}]}}