{"id":4134,"date":"2025-02-14T10:08:03","date_gmt":"2025-02-14T09:08:03","guid":{"rendered":"https:\/\/osdobje.splet.arnes.si\/?p=4134"},"modified":"2025-02-14T10:08:03","modified_gmt":"2025-02-14T09:08:03","slug":"draga-bodoca-prvosolka-dragi-bodoci-prvosolec","status":"publish","type":"post","link":"https:\/\/www.osdobje.si\/?p=4134","title":{"rendered":"Draga bodo\u010da prvo\u0161olka, dragi bodo\u010di prvo\u0161olec!"},"content":{"rendered":"\n<p>Vabimo te na <strong>vpis v prvi razred<\/strong> Osnovne \u0161ole Dobje za \u0161olsko leto 2025\/26, ki bo<strong>\u00a0<\/strong>potekal <strong>v kabinetu pedagoginje<\/strong> v torek, <strong>25. 2. 2025 od 8. do 14. ure<\/strong>.<\/p>\n\n\n\n<p>Pridi z mamico ali o\u010dkom.<\/p>\n\n\n\n<div class=\"wp-block-group is-vertical is-layout-flex wp-container-core-group-is-layout-8cf370e7 wp-block-group-is-layout-flex\">\n<figure class=\"wp-block-image size-full is-resized\"><a href=\"https:\/\/www.osdobje.si\/files\/2024\/02\/image.png\"><img loading=\"lazy\" decoding=\"async\" width=\"827\" height=\"686\" src=\"https:\/\/www.osdobje.si\/files\/2024\/02\/image.png\" alt=\"\" class=\"wp-image-3746\" style=\"width:337px;height:auto\" srcset=\"https:\/\/www.osdobje.si\/files\/2024\/02\/image.png 827w, https:\/\/www.osdobje.si\/files\/2024\/02\/image-300x249.png 300w, https:\/\/www.osdobje.si\/files\/2024\/02\/image-768x637.png 768w, https:\/\/www.osdobje.si\/files\/2024\/02\/image-362x300.png 362w\" sizes=\"auto, (max-width: 827px) 100vw, 827px\" \/><\/a><\/figure>\n\n\n\n<p><\/p>\n\n\n\n<p>Z\u00a0 veseljem te pri\u010dakujemo.<\/p>\n\n\n\n<p><\/p>\n\n\n\n<p>\u0160olska svetovalna delavka:<\/p>\n\n\n\n<p>Bo\u017ea Jazbin\u0161ek, univ. dipl. ped.<\/p>\n\n\n\n<p><\/p>\n\n\n\n<p>Ravnateljica:<\/p>\n\n\n\n<p>Suzana Plemenita\u0161, prof.<\/p>\n<\/div>\n\n\n\n<p><\/p>\n","protected":false},"excerpt":{"rendered":"<p>Vabimo te na vpis v prvi razred Osnovne \u0161ole Dobje za \u0161olsko leto 2025\/26, ki bo\u00a0potekal v kabinetu pedagoginje v torek, 25. 2. 2025 od 8. do 14. ure. Pridi z mamico ali o\u010dkom. Z\u00a0 veseljem te pri\u010dakujemo. \u0160olska svetovalna &hellip; <a href=\"https:\/\/www.osdobje.si\/?p=4134\">Beri naprej <span class=\"meta-nav\">&rarr;<\/span><\/a><\/p>\n","protected":false},"author":89974,"featured_media":0,"comment_status":"open","ping_status":"open","sticky":false,"template":"","format":"standard","meta":{"ngg_post_thumbnail":0,"footnotes":""},"categories":[4],"tags":[],"class_list":["post-4134","post","type-post","status-publish","format-standard","hentry","category-novice"],"_links":{"self":[{"href":"https:\/\/www.osdobje.si\/index.php?rest_route=\/wp\/v2\/posts\/4134","targetHints":{"allow":["GET"]}}],"collection":[{"href":"https:\/\/www.osdobje.si\/index.php?rest_route=\/wp\/v2\/posts"}],"about":[{"href":"https:\/\/www.osdobje.si\/index.php?rest_route=\/wp\/v2\/types\/post"}],"author":[{"embeddable":true,"href":"https:\/\/www.osdobje.si\/index.php?rest_route=\/wp\/v2\/users\/89974"}],"replies":[{"embeddable":true,"href":"https:\/\/www.osdobje.si\/index.php?rest_route=%2Fwp%2Fv2%2Fcomments&post=4134"}],"version-history":[{"count":2,"href":"https:\/\/www.osdobje.si\/index.php?rest_route=\/wp\/v2\/posts\/4134\/revisions"}],"predecessor-version":[{"id":4136,"href":"https:\/\/www.osdobje.si\/index.php?rest_route=\/wp\/v2\/posts\/4134\/revisions\/4136"}],"wp:attachment":[{"href":"https:\/\/www.osdobje.si\/index.php?rest_route=%2Fwp%2Fv2%2Fmedia&parent=4134"}],"wp:term":[{"taxonomy":"category","embeddable":true,"href":"https:\/\/www.osdobje.si\/index.php?rest_route=%2Fwp%2Fv2%2Fcategories&post=4134"},{"taxonomy":"post_tag","embeddable":true,"href":"https:\/\/www.osdobje.si\/index.php?rest_route=%2Fwp%2Fv2%2Ftags&post=4134"}],"curies":[{"name":"wp","href":"https:\/\/api.w.org\/{rel}","templated":true}]}}