{"id":3149,"date":"2023-02-10T13:23:36","date_gmt":"2023-02-10T12:23:36","guid":{"rendered":"https:\/\/osdobje.splet.arnes.si\/?p=3149"},"modified":"2023-02-10T13:26:29","modified_gmt":"2023-02-10T12:26:29","slug":"vabilo-na-vpis-v-prvi-razred-osnovne-sole-dobje-za-solsko-leto-2023-24","status":"publish","type":"post","link":"https:\/\/www.osdobje.si\/?p=3149","title":{"rendered":"Vabilo na vpis v prvi razred Osnovne \u0161ole Dobje za \u0161olsko leto 2023\/24"},"content":{"rendered":"\n<p><strong>Draga bodo\u010da prvo\u0161olka, dragi bodo\u010di prvo\u0161olec!<\/strong><\/p>\n\n\n\n<p class=\"has-text-align-center\">Vabimo te na vpis v prvi razred Osnovne \u0161ole Dobje za \u0161olsko leto 2023\/24,<\/p>\n\n\n\n<p class=\"has-text-align-center\">ki bo \u00a0potekal v kabinetu pedagoginje v petek, 17. 2. 2023, od 8.15 do 13.15. <\/p>\n\n\n<div class=\"wp-block-image\">\n<figure class=\"aligncenter size-full is-resized\"><a href=\"https:\/\/www.osdobje.si\/files\/2023\/02\/image.png\"><img loading=\"lazy\" decoding=\"async\" src=\"https:\/\/www.osdobje.si\/files\/2023\/02\/image.png\" alt=\"\" class=\"wp-image-3150\" width=\"331\" height=\"279\" srcset=\"https:\/\/www.osdobje.si\/files\/2023\/02\/image.png 331w, https:\/\/www.osdobje.si\/files\/2023\/02\/image-300x253.png 300w\" sizes=\"auto, (max-width: 331px) 100vw, 331px\" \/><\/a><\/figure>\n<\/div>\n\n\n<p class=\"has-text-align-center\">Pridi z mamico ali o\u010dkom.<\/p>\n\n\n\n<p class=\"has-text-align-center\">Z\u00a0 veseljem te pri\u010dakujemo.<\/p>\n\n\n\n<p><\/p>\n\n\n\n<p>\u0160olska svetovalna delavka:\u00a0\u00a0\u00a0\u00a0\u00a0\u00a0\u00a0\u00a0\u00a0\u00a0\u00a0\u00a0\u00a0\u00a0\u00a0\u00a0\u00a0\u00a0\u00a0\u00a0\u00a0\u00a0\u00a0\u00a0\u00a0\u00a0\u00a0 \u00a0\u00a0\u00a0\u00a0\u00a0\u00a0\u00a0\u00a0\u00a0\u00a0\u00a0\u00a0\u00a0\u00a0\u00a0\u00a0\u00a0\u00a0\u00a0\u00a0\u00a0\u00a0\u00a0\u00a0\u00a0\u00a0\u00a0\u00a0\u00a0\u00a0\u00a0\u00a0Ravnateljica:<\/p>\n\n\n\n<p>Bo\u017ea Jazbin\u0161ek, univ. dipl. ped. \u00a0\u00a0\u00a0\u00a0\u00a0\u00a0\u00a0\u00a0\u00a0\u00a0\u00a0\u00a0\u00a0\u00a0\u00a0\u00a0\u00a0\u00a0\u00a0\u00a0\u00a0\u00a0\u00a0\u00a0\u00a0\u00a0\u00a0\u00a0\u00a0\u00a0\u00a0\u00a0\u00a0\u00a0\u00a0\u00a0\u00a0\u00a0\u00a0\u00a0\u00a0\u00a0Suzana Plemenita\u0161, prof.<\/p>\n","protected":false},"excerpt":{"rendered":"<p>Draga bodo\u010da prvo\u0161olka, dragi bodo\u010di prvo\u0161olec! Vabimo te na vpis v prvi razred Osnovne \u0161ole Dobje za \u0161olsko leto 2023\/24, ki bo \u00a0potekal v kabinetu pedagoginje v petek, 17. 2. 2023, od 8.15 do 13.15. Pridi z mamico ali o\u010dkom. &hellip; <a href=\"https:\/\/www.osdobje.si\/?p=3149\">Beri naprej <span class=\"meta-nav\">&rarr;<\/span><\/a><\/p>\n","protected":false},"author":2420,"featured_media":0,"comment_status":"open","ping_status":"open","sticky":false,"template":"","format":"standard","meta":{"ngg_post_thumbnail":0,"footnotes":""},"categories":[4],"tags":[],"class_list":["post-3149","post","type-post","status-publish","format-standard","hentry","category-novice"],"_links":{"self":[{"href":"https:\/\/www.osdobje.si\/index.php?rest_route=\/wp\/v2\/posts\/3149","targetHints":{"allow":["GET"]}}],"collection":[{"href":"https:\/\/www.osdobje.si\/index.php?rest_route=\/wp\/v2\/posts"}],"about":[{"href":"https:\/\/www.osdobje.si\/index.php?rest_route=\/wp\/v2\/types\/post"}],"author":[{"embeddable":true,"href":"https:\/\/www.osdobje.si\/index.php?rest_route=\/wp\/v2\/users\/2420"}],"replies":[{"embeddable":true,"href":"https:\/\/www.osdobje.si\/index.php?rest_route=%2Fwp%2Fv2%2Fcomments&post=3149"}],"version-history":[{"count":2,"href":"https:\/\/www.osdobje.si\/index.php?rest_route=\/wp\/v2\/posts\/3149\/revisions"}],"predecessor-version":[{"id":3153,"href":"https:\/\/www.osdobje.si\/index.php?rest_route=\/wp\/v2\/posts\/3149\/revisions\/3153"}],"wp:attachment":[{"href":"https:\/\/www.osdobje.si\/index.php?rest_route=%2Fwp%2Fv2%2Fmedia&parent=3149"}],"wp:term":[{"taxonomy":"category","embeddable":true,"href":"https:\/\/www.osdobje.si\/index.php?rest_route=%2Fwp%2Fv2%2Fcategories&post=3149"},{"taxonomy":"post_tag","embeddable":true,"href":"https:\/\/www.osdobje.si\/index.php?rest_route=%2Fwp%2Fv2%2Ftags&post=3149"}],"curies":[{"name":"wp","href":"https:\/\/api.w.org\/{rel}","templated":true}]}}